{"id":1650,"date":"2017-04-22T10:00:25","date_gmt":"2017-04-22T08:00:25","guid":{"rendered":"http:\/\/www.ffbiedermannsdorf.at\/cms\/?p=1650"},"modified":"2017-05-16T23:03:36","modified_gmt":"2017-05-16T21:03:36","slug":"atemschutzlehrgang","status":"publish","type":"post","link":"http:\/\/www.ffbiedermannsdorf.at\/cms\/2017\/04\/22\/atemschutzlehrgang\/","title":{"rendered":"Atemschutzlehrgang"},"content":{"rendered":"\t\t<div data-elementor-type=\"wp-post\" data-elementor-id=\"1650\" class=\"elementor elementor-1650 elementor-bc-flex-widget\" data-elementor-post-type=\"post\">\n\t\t\t\t\t\t<section class=\"elementor-section elementor-top-section elementor-element elementor-element-gdzhw5m elementor-section-boxed elementor-section-height-default elementor-section-height-default\" data-id=\"gdzhw5m\" data-element_type=\"section\" data-e-type=\"section\">\n\t\t\t\t\t\t<div class=\"elementor-container elementor-column-gap-default\">\n\t\t\t\t\t<div class=\"elementor-column elementor-col-100 elementor-top-column elementor-element elementor-element-kszk12t\" data-id=\"kszk12t\" data-element_type=\"column\" data-e-type=\"column\">\n\t\t\t<div class=\"elementor-widget-wrap elementor-element-populated\">\n\t\t\t\t\t\t<div class=\"elementor-element elementor-element-kwda8ic elementor-widget elementor-widget-text-editor\" data-id=\"kwda8ic\" data-element_type=\"widget\" data-e-type=\"widget\" data-widget_type=\"text-editor.default\">\n\t\t\t\t<div class=\"elementor-widget-container\">\n\t\t\t\t\t\t\t\t\t<p>Datum: Sa. 22.04.2017<br \/><br \/>Beschreibung:<\/p><p>Durch drei Mitglieder wurde der mehrt\u00e4tige Atemschutztr\u00e4gerlehrgang absolviert. Dieser beinhaltet einen beachtlichen Anteil an Theoriestunden \u00fcber das richtige Vorgehen eines Atemschutztrupps im Brandfall. Anschlie\u00dfend werden unter schwerem Atemschutz verschiedenste \u00dcbungen abgehalten und Stationen absolviert umso dem Umgang mit dem Atemschutzger\u00e4t zu festigen.<\/p><p>Nach dem mehrt\u00e4tigen Lehrgang wird sowohl in Theorie wie auch Praxis eine Pr\u00fcfung durch eigens bestellte Pr\u00fcfer abgenommen.<\/p><p>STREB Daniela FM, HAGENAUER Nicole FM sowie KRAMMER Thomas OFM bestanden die geforderten Aufgaben und haben den Atemschutztr\u00e4gerlehrgang somit abgeschlossen und die Feuerwehr Biedermannsdorf neue Atemschutzger\u00e4tetr\u00e4ger gewonnen.<\/p>\t\t\t\t\t\t\t\t<\/div>\n\t\t\t\t<\/div>\n\t\t\t\t\t<\/div>\n\t\t<\/div>\n\t\t\t\t\t<\/div>\n\t\t<\/section>\n\t\t\t\t<section class=\"elementor-section elementor-top-section elementor-element elementor-element-gmekvnb elementor-section-boxed elementor-section-height-default elementor-section-height-default\" data-id=\"gmekvnb\" data-element_type=\"section\" data-e-type=\"section\">\n\t\t\t\t\t\t<div class=\"elementor-container elementor-column-gap-default\">\n\t\t\t\t\t<div class=\"elementor-column elementor-col-100 elementor-top-column elementor-element elementor-element-al62ndo\" data-id=\"al62ndo\" data-element_type=\"column\" data-e-type=\"column\">\n\t\t\t<div class=\"elementor-widget-wrap elementor-element-populated\">\n\t\t\t\t\t\t<div class=\"elementor-element elementor-element-mery9tm elementor-widget elementor-widget-image-gallery\" data-id=\"mery9tm\" data-element_type=\"widget\" data-e-type=\"widget\" data-widget_type=\"image-gallery.default\">\n\t\t\t\t<div class=\"elementor-widget-container\">\n\t\t\t\t\t\t\t<div class=\"elementor-image-gallery\">\n\t\t\t<div id='gallery-1' class='gallery galleryid-1650 gallery-columns-4 gallery-size-thumbnail'><figure class='gallery-item'>\n\t\t\t<div class='gallery-icon landscape'>\n\t\t\t\t<a data-elementor-open-lightbox=\"yes\" data-elementor-lightbox-slideshow=\"mery9tm\" data-elementor-lightbox-title=\"HP_IMG_2003\" data-e-action-hash=\"#elementor-action%3Aaction%3Dlightbox%26settings%3DeyJpZCI6MTY1MywidXJsIjoiaHR0cDpcL1wvd3d3LmZmYmllZGVybWFubnNkb3JmLmF0XC9jbXNcL3dwLWNvbnRlbnRcL3VwbG9hZHNcL0hQX0lNR18yMDAzLTEuanBnIiwic2xpZGVzaG93IjoibWVyeTl0bSJ9\" href='http:\/\/www.ffbiedermannsdorf.at\/cms\/wp-content\/uploads\/HP_IMG_2003-1.jpg'><img decoding=\"async\" width=\"150\" height=\"150\" src=\"http:\/\/www.ffbiedermannsdorf.at\/cms\/wp-content\/uploads\/HP_IMG_2003-1-150x150.jpg\" class=\"attachment-thumbnail size-thumbnail\" alt=\"\" srcset=\"http:\/\/www.ffbiedermannsdorf.at\/cms\/wp-content\/uploads\/HP_IMG_2003-1-150x150.jpg 150w, http:\/\/www.ffbiedermannsdorf.at\/cms\/wp-content\/uploads\/HP_IMG_2003-1-600x600.jpg 600w, http:\/\/www.ffbiedermannsdorf.at\/cms\/wp-content\/uploads\/HP_IMG_2003-1.jpg 640w\" sizes=\"(max-width: 150px) 100vw, 150px\" \/><\/a>\n\t\t\t<\/div><\/figure><figure class='gallery-item'>\n\t\t\t<div class='gallery-icon landscape'>\n\t\t\t\t<a data-elementor-open-lightbox=\"yes\" data-elementor-lightbox-slideshow=\"mery9tm\" data-elementor-lightbox-title=\"HP_IMG_2004\" data-e-action-hash=\"#elementor-action%3Aaction%3Dlightbox%26settings%3DeyJpZCI6MTY1NCwidXJsIjoiaHR0cDpcL1wvd3d3LmZmYmllZGVybWFubnNkb3JmLmF0XC9jbXNcL3dwLWNvbnRlbnRcL3VwbG9hZHNcL0hQX0lNR18yMDA0LTEuanBnIiwic2xpZGVzaG93IjoibWVyeTl0bSJ9\" href='http:\/\/www.ffbiedermannsdorf.at\/cms\/wp-content\/uploads\/HP_IMG_2004-1.jpg'><img decoding=\"async\" width=\"150\" height=\"150\" src=\"http:\/\/www.ffbiedermannsdorf.at\/cms\/wp-content\/uploads\/HP_IMG_2004-1-150x150.jpg\" class=\"attachment-thumbnail size-thumbnail\" alt=\"\" srcset=\"http:\/\/www.ffbiedermannsdorf.at\/cms\/wp-content\/uploads\/HP_IMG_2004-1-150x150.jpg 150w, http:\/\/www.ffbiedermannsdorf.at\/cms\/wp-content\/uploads\/HP_IMG_2004-1-600x600.jpg 600w, http:\/\/www.ffbiedermannsdorf.at\/cms\/wp-content\/uploads\/HP_IMG_2004-1.jpg 640w\" sizes=\"(max-width: 150px) 100vw, 150px\" \/><\/a>\n\t\t\t<\/div><\/figure>\n\t\t<\/div>\n\t\t<\/div>\n\t\t\t\t\t\t<\/div>\n\t\t\t\t<\/div>\n\t\t\t\t\t<\/div>\n\t\t<\/div>\n\t\t\t\t\t<\/div>\n\t\t<\/section>\n\t\t\t\t<\/div>\n\t\t","protected":false},"excerpt":{"rendered":"<p> &#8230; <a title=\"Atemschutzlehrgang\" class=\"read-more\" href=\"http:\/\/www.ffbiedermannsdorf.at\/cms\/2017\/04\/22\/atemschutzlehrgang\/\" aria-label=\"Mehr Informationen \u00fcber Atemschutzlehrgang\">Weiterlesen \u00bb <\/a><\/p>\n","protected":false},"author":4,"featured_media":1653,"comment_status":"closed","ping_status":"open","sticky":false,"template":"","format":"standard","meta":{"generate_page_header":"","footnotes":""},"categories":[16],"tags":[],"class_list":["post-1650","post","type-post","status-publish","format-standard","has-post-thumbnail","hentry","category-aktivmannschaft","generate-columns","tablet-grid-50","mobile-grid-100","grid-parent","grid-33"],"_links":{"self":[{"href":"http:\/\/www.ffbiedermannsdorf.at\/cms\/wp-json\/wp\/v2\/posts\/1650","targetHints":{"allow":["GET"]}}],"collection":[{"href":"http:\/\/www.ffbiedermannsdorf.at\/cms\/wp-json\/wp\/v2\/posts"}],"about":[{"href":"http:\/\/www.ffbiedermannsdorf.at\/cms\/wp-json\/wp\/v2\/types\/post"}],"author":[{"embeddable":true,"href":"http:\/\/www.ffbiedermannsdorf.at\/cms\/wp-json\/wp\/v2\/users\/4"}],"replies":[{"embeddable":true,"href":"http:\/\/www.ffbiedermannsdorf.at\/cms\/wp-json\/wp\/v2\/comments?post=1650"}],"version-history":[{"count":4,"href":"http:\/\/www.ffbiedermannsdorf.at\/cms\/wp-json\/wp\/v2\/posts\/1650\/revisions"}],"predecessor-version":[{"id":1656,"href":"http:\/\/www.ffbiedermannsdorf.at\/cms\/wp-json\/wp\/v2\/posts\/1650\/revisions\/1656"}],"wp:featuredmedia":[{"embeddable":true,"href":"http:\/\/www.ffbiedermannsdorf.at\/cms\/wp-json\/wp\/v2\/media\/1653"}],"wp:attachment":[{"href":"http:\/\/www.ffbiedermannsdorf.at\/cms\/wp-json\/wp\/v2\/media?parent=1650"}],"wp:term":[{"taxonomy":"category","embeddable":true,"href":"http:\/\/www.ffbiedermannsdorf.at\/cms\/wp-json\/wp\/v2\/categories?post=1650"},{"taxonomy":"post_tag","embeddable":true,"href":"http:\/\/www.ffbiedermannsdorf.at\/cms\/wp-json\/wp\/v2\/tags?post=1650"}],"curies":[{"name":"wp","href":"https:\/\/api.w.org\/{rel}","templated":true}]}}